{"id":111,"date":"2023-05-25T21:02:26","date_gmt":"2023-05-25T21:02:26","guid":{"rendered":"https:\/\/mirvapauliina.fi\/?p=111"},"modified":"2023-05-25T21:02:26","modified_gmt":"2023-05-25T21:02:26","slug":"skolioosi-ja-skolioosi-leikkaus-kokemus","status":"publish","type":"post","link":"https:\/\/mirvapauliina.fi\/?p=111","title":{"rendered":"Skolioosi ja skolioosi leikkaus kokemus"},"content":{"rendered":"\n<p>Katsoin mit\u00e4 olen joskus aiheesta kirjoittanut, mutta minusta tuntuu, ett\u00e4 en pysty sit\u00e4 en\u00e4\u00e4 k\u00e4ytt\u00e4m\u00e4\u00e4n. Se oli kumminkin nuoren tyt\u00f6n kirjoittama juttu. Olen kumminkin oppinut kirjoittamaan eritavoin ja se entinen teksti ei en\u00e4\u00e4 tunnu omalta. T\u00e4m\u00e4n p\u00e4iv\u00e4n aiheena on skolioosi.<\/p>\n\n\n\n<p>Minulla todettiin lapsena skolioosi. Ensimm\u00e4iset ep\u00e4ilyt skolioosista alkoi jo, kun aloitin koulun. Minun sairautta seurattiin vuosia sairalassa, jossa k\u00e4vin kerran vuodessa tarkastuksessa. Minulle tarkastus tarkoitti aina sel\u00e4n r\u00f6ntgenkuvausta ja l\u00e4\u00e4k\u00e4rill\u00e4 k\u00e4ynti\u00e4.<\/p>\n\n\n\n<p>En tied\u00e4 tied\u00e4ttek\u00f6 mik\u00e4 skolioosi. Lyhyesti sanottuna se on sit\u00e4, kun selk\u00e4ranka kasvaa v\u00e4\u00e4r\u00e4\u00e4n asentoon eli mutkalle. Se voi kasvaa keuhkoihin ja\/ tai syd\u00e4meen.  Se voi aiheuttaa selk\u00e4 kipuja.<\/p>\n\n\n\n<p>Minulle k\u00e4vi vain niin, ett\u00e4 kontrollik\u00e4ynnin yhteydess\u00e4 todettiin, ett\u00e4 olisi parasta leikata selk\u00e4. Olin silloin vasta 17 vuotta vanha tytt\u00f6. Minua pelotti, kun en ole ollut ennen leikkauksessa.<\/p>\n\n\n\n<p>Minun piti k\u00e4yd\u00e4 vain aamulla sairaalassa ja menn\u00e4 loppu p\u00e4iv\u00e4ksi kouluun. L\u00e4\u00e4k\u00e4ri pyysi minua viel\u00e4 juttelemaan iltap\u00e4iv\u00e4ll\u00e4 leikkauksesta. Emme olleet ehtineet menn\u00e4 juttelemaan l\u00e4\u00e4k\u00e4rin kanssa leikkauksesta, kun is\u00e4ni kertoi, ett\u00e4 oli tullut soitto, ett\u00e4 leikkaus olisi huomenna. Oli tullut peruutus aika ja min\u00e4 olin ollut seuraava listassa. Min\u00e4 olin t\u00e4st\u00e4 s\u00e4ik\u00e4ht\u00e4nyt, kun se oli tapahtunut heti. En osannut odottaa, ett\u00e4 se olisi heti. En ollut heti suostunut, kun olin niin kovin s\u00e4ik\u00e4ht\u00e4nyt.T\u00e4m\u00e4 leikkaus oli ollut minun suurin pelkoni, joka lopulta toteutui. <\/p>\n\n\n\n<figure class=\"wp-block-image size-large\"><img loading=\"lazy\" decoding=\"async\" width=\"1024\" height=\"734\" src=\"https:\/\/mirvapauliina.fi\/wp-content\/uploads\/2023\/05\/p1301523-1-1024x734.jpg\" alt=\"\" class=\"wp-image-114\" srcset=\"https:\/\/mirvapauliina.fi\/wp-content\/uploads\/2023\/05\/p1301523-1-1024x734.jpg 1024w, https:\/\/mirvapauliina.fi\/wp-content\/uploads\/2023\/05\/p1301523-1-300x215.jpg 300w, https:\/\/mirvapauliina.fi\/wp-content\/uploads\/2023\/05\/p1301523-1-768x550.jpg 768w, https:\/\/mirvapauliina.fi\/wp-content\/uploads\/2023\/05\/p1301523-1-1536x1101.jpg 1536w, https:\/\/mirvapauliina.fi\/wp-content\/uploads\/2023\/05\/p1301523-1-2048x1468.jpg 2048w\" sizes=\"auto, (max-width: 1024px) 100vw, 1024px\" \/><figcaption class=\"wp-element-caption\">Skolioosi<\/figcaption><\/figure>\n\n\n\n<p>Onneksi leikkaus meni hyvin ja toivuin pikkuhiljaa leikkauksesta. Min\u00e4 olin sairaalassa viikon. T\u00e4m\u00e4 oli tosi kipe\u00e4 kokemus. T\u00e4m\u00e4 ei kumminkaan ollut mik\u00e4\u00e4n vaaraton leikkaus. Minulla oli aika suuret riskit halvaantua, mutta en halvaantunut. Min\u00e4 sain vain pituuteen hieman senttej\u00e4 lis\u00e4\u00e4. Onneksi perheeni ja yst\u00e4v\u00e4ni olivat minun tukenani. Min\u00e4 joutusin harjoittelemaan asioiden tekemist\u00e4 eritavoin. Fysioterapeutti opasti hienosti ja hetken aikaan joutusin k\u00e4ytt\u00e4m\u00e4\u00e4n sairaalassa k\u00e4vely tukea. Kroppa tuntui leikkauksen j\u00e4lkeen vieraalta. <\/p>\n\n\n\n<figure class=\"wp-block-image size-large\"><img loading=\"lazy\" decoding=\"async\" width=\"1024\" height=\"768\" src=\"https:\/\/mirvapauliina.fi\/wp-content\/uploads\/2023\/05\/minc3a4-1024x768.jpg\" alt=\"\" class=\"wp-image-116\" srcset=\"https:\/\/mirvapauliina.fi\/wp-content\/uploads\/2023\/05\/minc3a4-1024x768.jpg 1024w, https:\/\/mirvapauliina.fi\/wp-content\/uploads\/2023\/05\/minc3a4-300x225.jpg 300w, https:\/\/mirvapauliina.fi\/wp-content\/uploads\/2023\/05\/minc3a4-768x576.jpg 768w, https:\/\/mirvapauliina.fi\/wp-content\/uploads\/2023\/05\/minc3a4-1536x1152.jpg 1536w, https:\/\/mirvapauliina.fi\/wp-content\/uploads\/2023\/05\/minc3a4-2048x1536.jpg 2048w\" sizes=\"auto, (max-width: 1024px) 100vw, 1024px\" \/><figcaption class=\"wp-element-caption\">Min\u00e4 lapsena sairaalassa<\/figcaption><\/figure>\n\n\n\n<p>\u00c4l\u00e4 lue t\u00e4t\u00e4, jos toimenpiteet \u00e4ll\u00f6tt\u00e4\u00e4.<\/p>\n\n\n\n<p>Minulle kerrottiin, ett\u00e4 selk\u00e4ni oli murrettu ja tilalle laitettu ruuveja. Itse\u00e4ni \u00e4ll\u00f6tti t\u00e4m\u00e4 tieto. Olisin halunnut olla tiet\u00e4m\u00e4tt\u00e4.<\/p>\n\n\n\n<figure class=\"wp-block-image size-large\"><img loading=\"lazy\" decoding=\"async\" width=\"768\" height=\"1024\" src=\"https:\/\/mirvapauliina.fi\/wp-content\/uploads\/2023\/05\/p1301524i-768x1024.jpg\" alt=\"\" class=\"wp-image-115\" srcset=\"https:\/\/mirvapauliina.fi\/wp-content\/uploads\/2023\/05\/p1301524i-768x1024.jpg 768w, https:\/\/mirvapauliina.fi\/wp-content\/uploads\/2023\/05\/p1301524i-225x300.jpg 225w, https:\/\/mirvapauliina.fi\/wp-content\/uploads\/2023\/05\/p1301524i-1152x1536.jpg 1152w, https:\/\/mirvapauliina.fi\/wp-content\/uploads\/2023\/05\/p1301524i-1536x2048.jpg 1536w, https:\/\/mirvapauliina.fi\/wp-content\/uploads\/2023\/05\/p1301524i-scaled.jpg 1920w\" sizes=\"auto, (max-width: 768px) 100vw, 768px\" \/><figcaption class=\"wp-element-caption\">Skolioosi leikkauksen j\u00e4lkeen<\/figcaption><\/figure>\n\n\n\n<p>Minun kroppani tuntui vieraalta, koska ruuvit tuntuivat rautakangelta sel\u00e4ss\u00e4. Olin alkuun tosi j\u00e4ykk\u00e4. Parantuminen vei 6kk. T\u00e4m\u00e4n aikana minulla oli liikuntarajoitus. Ainut hyv\u00e4ksytty liikunta oli k\u00e4vely. <\/p>\n\n\n\n<p>T\u00e4m\u00e4n j\u00e4lkeen minulla on vain lihasj\u00e4ykkyytt\u00e4. Luulen, ett\u00e4 kroppa jotenkin oireilee talvisin. Selk\u00e4ni tuntuu silloin oudolta. Luulen, ett\u00e4 sel\u00e4ll\u00f6ni on silloin kylm\u00e4. <\/p>\n\n\n\n<p>Toivottavasti jollekkin on t\u00e4st\u00e4 hy\u00f6ty\u00e4 ja saa kysy\u00e4, jos tuli mieleen kysymyksi\u00e4.  <\/p>\n\n\n\n<p>Terveisin Mirva<\/p>\n","protected":false},"excerpt":{"rendered":"<p>Katsoin mit\u00e4 olen joskus aiheesta kirjoittanut, mutta minusta tuntuu, ett\u00e4 en pysty sit\u00e4 en\u00e4\u00e4 k\u00e4ytt\u00e4m\u00e4\u00e4n. Se oli kumminkin nuoren tyt\u00f6n kirjoittama juttu. Olen kumminkin oppinut kirjoittamaan eritavoin ja se entinen teksti ei en\u00e4\u00e4 tunnu omalta. T\u00e4m\u00e4n p\u00e4iv\u00e4n aiheena on skolioosi. Minulla todettiin lapsena skolioosi. Ensimm\u00e4iset ep\u00e4ilyt skolioosista alkoi jo, kun aloitin koulun. Minun sairautta seurattiin&#8230;<\/p>\n","protected":false},"author":1,"featured_media":0,"comment_status":"open","ping_status":"open","sticky":false,"template":"","format":"standard","meta":{"_jetpack_memberships_contains_paid_content":false,"footnotes":""},"categories":[14,1],"tags":[22,61,63,62,60,58,59,64],"class_list":["post-111","post","type-post","status-publish","format-standard","hentry","category-kirjoituksia","category-uncategorized","tag-elama","tag-kokemus","tag-leikkaus","tag-omakokemus","tag-sairaus","tag-skolioosi","tag-skolioosileikkaus","tag-vinous"],"jetpack_featured_media_url":"","jetpack_sharing_enabled":true,"_links":{"self":[{"href":"https:\/\/mirvapauliina.fi\/index.php?rest_route=\/wp\/v2\/posts\/111","targetHints":{"allow":["GET"]}}],"collection":[{"href":"https:\/\/mirvapauliina.fi\/index.php?rest_route=\/wp\/v2\/posts"}],"about":[{"href":"https:\/\/mirvapauliina.fi\/index.php?rest_route=\/wp\/v2\/types\/post"}],"author":[{"embeddable":true,"href":"https:\/\/mirvapauliina.fi\/index.php?rest_route=\/wp\/v2\/users\/1"}],"replies":[{"embeddable":true,"href":"https:\/\/mirvapauliina.fi\/index.php?rest_route=%2Fwp%2Fv2%2Fcomments&post=111"}],"version-history":[{"count":2,"href":"https:\/\/mirvapauliina.fi\/index.php?rest_route=\/wp\/v2\/posts\/111\/revisions"}],"predecessor-version":[{"id":117,"href":"https:\/\/mirvapauliina.fi\/index.php?rest_route=\/wp\/v2\/posts\/111\/revisions\/117"}],"wp:attachment":[{"href":"https:\/\/mirvapauliina.fi\/index.php?rest_route=%2Fwp%2Fv2%2Fmedia&parent=111"}],"wp:term":[{"taxonomy":"category","embeddable":true,"href":"https:\/\/mirvapauliina.fi\/index.php?rest_route=%2Fwp%2Fv2%2Fcategories&post=111"},{"taxonomy":"post_tag","embeddable":true,"href":"https:\/\/mirvapauliina.fi\/index.php?rest_route=%2Fwp%2Fv2%2Ftags&post=111"}],"curies":[{"name":"wp","href":"https:\/\/api.w.org\/{rel}","templated":true}]}}